{"id":8324,"date":"2021-11-26T13:05:44","date_gmt":"2021-11-26T13:05:44","guid":{"rendered":"http:\/\/iker.atomki.hu\/2021\/11\/26\/az-atomki-szalay-sandor-dijanak-idei-nyertese-dr-molnar-mihaly\/"},"modified":"2021-11-26T13:22:22","modified_gmt":"2021-11-26T13:22:22","slug":"az-atomki-szalay-sandor-dijanak-idei-nyertese-dr-molnar-mihaly","status":"publish","type":"post","link":"https:\/\/iker.atomki.hu\/en\/2021\/11\/26\/az-atomki-szalay-sandor-dijanak-idei-nyertese-dr-molnar-mihaly\/","title":{"rendered":"Az Atomki Szalay S\u00e1ndor-d\u00edj\u00e1nak idei nyertese Dr. Moln\u00e1r Mih\u00e1ly"},"content":{"rendered":"<div class=\"wpb-content-wrapper\"><p>[vc_row][vc_column][vc_custom_heading source=&#8221;post_title&#8221; font_container=&#8221;tag:h3|text_align:left&#8221; use_theme_fonts=&#8221;yes&#8221;][vc_text_separator title=&#8221;EVENTS&#8221; title_align=&#8221;separator_align_left&#8221; color=&#8221;custom&#8221; style=&#8221;dotted&#8221; border_width=&#8221;2&#8243; css_animation=&#8221;right-to-left&#8221; accent_color=&#8221;#5eb3d2&#8243;][\/vc_column][\/vc_row][vc_row][vc_column][vc_column_text]<span style=\"color: #000000\"><strong>Az Atomki Szalay S\u00e1ndor-d\u00edj\u00e1nak idei nyertese Dr. Moln\u00e1r Mih\u00e1ly, az Atommagkutat\u00f3 Int\u00e9zet tudom\u00e1nyos f\u0151munkat\u00e1rsa. A d\u00edjat a Magyar Tudom\u00e1ny \u00dcnnepe debreceni megnyit\u00f3j\u00e1n adt\u00e1k \u00e1t a DAB Sz\u00e9kh\u00e1zban november 4-\u00e9n.<\/strong><\/span>[\/vc_column_text][vc_column_text]Moln\u00e1r Mih\u00e1ly a magyar radiokarbon kutat\u00e1s meghat\u00e1roz\u00f3 alakja. Az ut\u00f3bbi t\u00f6bb mint 20 \u00e9vben \u00f3ri\u00e1si er\u0151fesz\u00edt\u00e9seket tett az\u00e9rt, hogy az ATOMKI-ban fejl\u0151dhessen a r\u00e9g\u00e9szeti radiokarbon kormeghat\u00e1roz\u00e1s, \u00e9s az int\u00e9zet nemzeti k\u00f6zpontk\u00e9nt szolg\u00e1lhassa az elm\u00falt p\u00e1r ezer \u00e9v t\u00f6rt\u00e9net\u00e9t kutat\u00f3 tudom\u00e1ny\u00e1gakat, tudom\u00e1nyos iskol\u00e1kat, id\u0151dimenzi\u00f3t adva a t\u00e1rgyaknak, leleteknek, geol\u00f3giai mint\u00e1knak. Jelent\u0151s eredm\u00e9nyeket \u00e9rt el a radiokarbon m\u00f3dszer pontos\u00edt\u00e1s\u00e1ban, k\u00fcl\u00f6n\u00f6s tekintettel arra, hogy kism\u00e9ret\u0171 mint\u00e1kb\u00f3l is lehessen inform\u00e1ci\u00f3t kapni a minta kor\u00e1ra, eredet\u00e9re vonatkoz\u00f3an. Vezeti a m\u00f3dszertani fejleszt\u00e9seket megc\u00e9lz\u00f3 <a href=\"https:\/\/interact.atomki.hu\" target=\"_blank\" rel=\"noopener noreferrer\">Nemzetk\u00f6zi Radiokarbon Kompetencia \u00e9s K\u00e9pz\u00e9si K\u00f6zpont (INTERACT)<\/a> l\u00e9trehoz\u00e1s\u00e1ra ir\u00e1nyul\u00f3 GINOP projektet.[\/vc_column_text][vc_row_inner][vc_column_inner width=&#8221;1\/6&#8243;][\/vc_column_inner][vc_column_inner width=&#8221;2\/3&#8243;][vc_single_image image=&#8221;8274&#8243; img_size=&#8221;full&#8221; add_caption=&#8221;yes&#8221;][\/vc_column_inner][vc_column_inner width=&#8221;1\/6&#8243;][\/vc_column_inner][\/vc_row_inner][vc_column_text]Moln\u00e1r Mih\u00e1ly tev\u00e9kenys\u00e9g\u00e9nek fontos ter\u00fclete a sz\u00e9n k\u00fcl\u00f6nf\u00e9le izot\u00f3pjait alkalmaz\u00f3, pontos m\u00e9r\u00e9stechnik\u00e1t ig\u00e9nyl\u0151 k\u00f6rnyezetv\u00e9delmi kutat\u00e1s, a l\u00e9gk\u00f6ri sz\u00e9n-dioxid forr\u00e1sainak \u00e9s nyel\u0151inek kutat\u00e1sa. Az alkalmazott technika \u00faj dimenzi\u00f3t adott a l\u00e9gk\u00f6ri aeroszolok forr\u00e1sainak \u00e9s k\u00e9pz\u0151d\u00e9si folyamatainak kutat\u00e1s\u00e1hoz is. Jelenlegi kutat\u00e1saival a nehezebben vizsg\u00e1lhat\u00f3 \u00fcvegh\u00e1zhat\u00e1s\u00fa g\u00e1zokat c\u00e9lozza meg, mint p\u00e9ld\u00e1ul a l\u00e9gk\u00f6ri met\u00e1nt. R\u00e9szben az \u0151 eredm\u00e9nyei elismer\u00e9s\u00e9nek tekinthet\u0151, hogy Magyarorsz\u00e1g az ATOMKI vezet\u00e9s\u00e9vel csatlakozott az eur\u00f3pai \u00fcvegh\u00e1zhat\u00e1s\u00fa g\u00e1zokat monitoroz\u00f3 rendszerhez (ICOS &#8211; Integrated Carbon Observation System).[\/vc_column_text][vc_column_text]Publik\u00e1ci\u00f3s tev\u00e9kenys\u00e9ge tudom\u00e1ny\u00e1g\u00e1ban messze kiemelked\u0151. A kutat\u00e1s mellett Moln\u00e1r Mih\u00e1lyt szervez\u0151i \u00e9s vezet\u0151i aktivit\u00e1s is jellemzi. T\u00f6bb mint 20 \u00e9ve t\u00f6lt be valamilyen vezet\u0151i poz\u00edci\u00f3t az int\u00e9zetben, mindemellett TDK, diplomamunk\u00e1s \u00e9s PhD hallgat\u00f3k t\u00e9mavezet\u0151je is, nemzetk\u00f6zi konferenci\u00e1k szervez\u0151je \u00e9s megh\u00edvott el\u0151ad\u00f3ja. T\u00f6bb karon oktat a Debreceni Egyetemen.[\/vc_column_text][\/vc_column][\/vc_row][vc_row][vc_column][vc_column_text]<span style=\"color: #000000\"><strong>More information: <a href=\"https:\/\/civishir.hu\/helyben-jaro\/2021\/11\/debreceni-kutato-munkassagat-ismertek-el?fbclid=IwAR0A3Pv75TSkCyqJfUYC3pUMuPsl4cjQlY_ZUj8W_P95P6Xfb7QakZr-TsI\" target=\"_blank\" rel=\"noopener noreferrer\">CIVISH\u00cdR<\/a><\/strong><\/span>[\/vc_column_text][\/vc_column][\/vc_row][vc_row][vc_column][vc_btn title=&#8221;Back to EVENTS main page&#8221; style=&#8221;outline-custom&#8221; outline_custom_color=&#8221;#000000&#8243; outline_custom_hover_background=&#8221;#5eb3d2&#8243; outline_custom_hover_text=&#8221;#ffffff&#8221; shape=&#8221;round&#8221; size=&#8221;sm&#8221; i_icon_fontawesome=&#8221;fas fa-arrow-left&#8221; add_icon=&#8221;true&#8221; link=&#8221;url:http%3A%2F%2Fiker.atomki.hu%2Fen%2Fevents%2F|title:EVENTS&#8221;][\/vc_column][\/vc_row]<\/p>\n<\/div>","protected":false},"excerpt":{"rendered":"<p>[vc_row][vc_column][vc_custom_heading source=&#8221;post_title&#8221; font_container=&#8221;tag:h3|text_align:left&#8221; use_theme_fonts=&#8221;yes&#8221;][vc_text_separator title=&#8221;EVENTS&#8221; title_align=&#8221;separator_align_left&#8221; color=&#8221;custom&#8221; style=&#8221;dotted&#8221; border_width=&#8221;2&#8243; css_animation=&#8221;right-to-left&#8221; accent_color=&#8221;#5eb3d2&#8243;][\/vc_column][\/vc_row][vc_row][vc_column][vc_column_text]Az Atomki Szalay S\u00e1ndor-d\u00edj\u00e1nak idei nyertese Dr. Moln\u00e1r Mih\u00e1ly, az Atommagkutat\u00f3 Int\u00e9zet tudom\u00e1nyos f\u0151munkat\u00e1rsa. A d\u00edjat<span class=\"excerpt-hellip\"> [\u2026]<\/span><\/p>\n","protected":false},"author":3,"featured_media":8274,"comment_status":"open","ping_status":"open","sticky":false,"template":"","format":"standard","meta":{"inline_featured_image":false,"jetpack_post_was_ever_published":false,"footnotes":""},"categories":[42],"tags":[],"class_list":["post-8324","post","type-post","status-publish","format-standard","has-post-thumbnail","hentry","category-awards"],"jetpack_featured_media_url":"https:\/\/i0.wp.com\/iker.atomki.hu\/wp-content\/uploads\/sites\/2\/2021\/07\/IMG_9928.jpg?fit=1024%2C683&ssl=1","jetpack_shortlink":"https:\/\/wp.me\/paF6JY-2ag","_links":{"self":[{"href":"https:\/\/iker.atomki.hu\/en\/wp-json\/wp\/v2\/posts\/8324","targetHints":{"allow":["GET"]}}],"collection":[{"href":"https:\/\/iker.atomki.hu\/en\/wp-json\/wp\/v2\/posts"}],"about":[{"href":"https:\/\/iker.atomki.hu\/en\/wp-json\/wp\/v2\/types\/post"}],"author":[{"embeddable":true,"href":"https:\/\/iker.atomki.hu\/en\/wp-json\/wp\/v2\/users\/3"}],"replies":[{"embeddable":true,"href":"https:\/\/iker.atomki.hu\/en\/wp-json\/wp\/v2\/comments?post=8324"}],"version-history":[{"count":9,"href":"https:\/\/iker.atomki.hu\/en\/wp-json\/wp\/v2\/posts\/8324\/revisions"}],"predecessor-version":[{"id":8336,"href":"https:\/\/iker.atomki.hu\/en\/wp-json\/wp\/v2\/posts\/8324\/revisions\/8336"}],"wp:featuredmedia":[{"embeddable":true,"href":"https:\/\/iker.atomki.hu\/en\/wp-json\/wp\/v2\/media\/8274"}],"wp:attachment":[{"href":"https:\/\/iker.atomki.hu\/en\/wp-json\/wp\/v2\/media?parent=8324"}],"wp:term":[{"taxonomy":"category","embeddable":true,"href":"https:\/\/iker.atomki.hu\/en\/wp-json\/wp\/v2\/categories?post=8324"},{"taxonomy":"post_tag","embeddable":true,"href":"https:\/\/iker.atomki.hu\/en\/wp-json\/wp\/v2\/tags?post=8324"}],"curies":[{"name":"wp","href":"https:\/\/api.w.org\/{rel}","templated":true}]}}