{"id":8384,"date":"2022-02-22T17:13:39","date_gmt":"2022-02-22T17:13:39","guid":{"rendered":"https:\/\/iker.atomki.hu\/2022\/02\/22\/akademiai-ifjusagi-dijat-kapott-laszlo-elemer\/"},"modified":"2025-09-22T10:35:59","modified_gmt":"2025-09-22T10:35:59","slug":"akademiai-ifjusagi-dijat-kapott-laszlo-elemer","status":"publish","type":"post","link":"https:\/\/iker.atomki.hu\/en\/2022\/02\/22\/akademiai-ifjusagi-dijat-kapott-laszlo-elemer\/","title":{"rendered":"Akad\u00e9miai Ifj\u00fas\u00e1gi D\u00edjat kapott L\u00e1szl\u00f3 Elem\u00e9r"},"content":{"rendered":"<div class=\"wpb-content-wrapper\"><p>[vc_row][vc_column][vc_custom_heading source=&#8221;post_title&#8221; font_container=&#8221;tag:h3|text_align:left&#8221; use_theme_fonts=&#8221;yes&#8221;][vc_text_separator title=&#8221;ESEM\u00c9NYEK&#8221; title_align=&#8221;separator_align_left&#8221; color=&#8221;custom&#8221; style=&#8221;dotted&#8221; border_width=&#8221;2&#8243; css_animation=&#8221;right-to-left&#8221; accent_color=&#8221;#5eb3d2&#8243;][\/vc_column][\/vc_row][vc_row][vc_column][vc_column_text]<span style=\"color: #000000\"><strong>A matematikai \u00e9s term\u00e9szettudom\u00e1nyok m\u0171vel\u0151i\u00a0<span class=\"object\">k<\/span>\u00f6z\u00fcl Akad\u00e9miai Ifj\u00fas\u00e1gi D\u00edjat kapott L\u00e1szl\u00f3 Elem\u00e9r, az Atommagkutat\u00f3 Int\u00e9zet tudom\u00e1nyos munkat\u00e1rsa \u201e<span class=\"object\">K<\/span>\u00f6rnyezeti izot\u00f3pok id\u0151beli \u00e9s t\u00e9rbeli v\u00e1ltoz\u00e1s\u00e1nak modellez\u00e9se\u201d c\u00edm\u0171 p\u00e1lyamunk\u00e1j\u00e1\u00e9rt.<\/strong><\/span>[\/vc_column_text][vc_column_text]L\u00e1szl\u00f3 Elem\u00e9r kutat\u00e1si ter\u00fclete lefedi a\u00a0<span class=\"object\">k<\/span>\u00f6rnyezeti izot\u00f3pok id\u0151beli \u00e9s t\u00e9rbeli v\u00e1ltoz\u00e1s\u00e1nak vizsg\u00e1lat\u00e1t, f\u0151<span class=\"object\">k<\/span>\u00e9nt a csapad\u00e9<span class=\"object\">k<\/span>\u00a0izot\u00f3p-\u00f6sszet\u00e9tel \u00e9s l\u00e9gk\u00f6ri folyamatok\u00a0<span class=\"object\">k<\/span>\u00f6z\u00f6tti \u00f6sszef\u00fcgg\u00e9seket vizsg\u00e1lja statisztikus \u00e9s numerikus m\u00f3dszereket alkalmazva. Cikksorozat\u00e1ban \u00f6sszefoglalta az ut\u00f3bbi \u00e9vekben t\u00e1rsszerz\u0151ivel\u00a0<span class=\"object\">k<\/span>\u00f6z\u00f6lt eredm\u00e9nyeit, amelyek rangos foly\u00f3iratokban jelentek meg: Scientific Reports, Nature Communication, Atmospheric Environment, Journal of Geophysical Research: Atmospheres. A p\u00e1lyamunk\u00e1j\u00e1ban bemutatja a kozmog\u00e9n eredet\u0171, tr\u00edcium, radiokarbon izot\u00f3pok id\u0151beli v\u00e1ltoz\u00e1s\u00e1nak kapcsolat\u00e1t a naptev\u00e9kenys\u00e9ggel, tov\u00e1bb\u00e1 ismerteti a jelenkori kl\u00edmav\u00e1ltoz\u00e1st befoly\u00e1sol\u00f3 m\u00e1sodik leger\u0151teljesebb \u00fcvegh\u00e1zg\u00e1z, a l\u00e9gk\u00f6ri met\u00e1n jelent\u0151s\u00e9g\u00e9t \u00e9s forr\u00e1sr\u00e9gi\u00f3inak t\u00e9rbeli eloszl\u00e1s\u00e1t Eur\u00f3p\u00e1ban.[\/vc_column_text][\/vc_column][\/vc_row][vc_row][vc_column width=&#8221;1\/4&#8243;][\/vc_column][vc_column width=&#8221;1\/2&#8243;][vc_single_image image=&#8221;8382&#8243; img_size=&#8221;full&#8221;][\/vc_column][vc_column width=&#8221;1\/4&#8243;][\/vc_column][\/vc_row][vc_row][vc_column][vc_btn title=&#8221;Back to the EVENTS main page&#8221; style=&#8221;outline-custom&#8221; outline_custom_color=&#8221;#000000&#8243; outline_custom_hover_background=&#8221;#5eb3d2&#8243; outline_custom_hover_text=&#8221;#ffffff&#8221; shape=&#8221;round&#8221; size=&#8221;sm&#8221; i_icon_fontawesome=&#8221;fas fa-arrow-left&#8221; add_icon=&#8221;true&#8221; link=&#8221;url:http%3A%2F%2Fiker.atomki.hu%2Fen%2Fevents%2F|title:Foly%C3%B3irat%20publik%C3%A1ci%C3%B3&#8243;][\/vc_column][\/vc_row]<\/p>\n<\/div>","protected":false},"excerpt":{"rendered":"<p>[vc_row][vc_column][vc_custom_heading source=&#8221;post_title&#8221; font_container=&#8221;tag:h3|text_align:left&#8221; use_theme_fonts=&#8221;yes&#8221;][vc_text_separator title=&#8221;ESEM\u00c9NYEK&#8221; title_align=&#8221;separator_align_left&#8221; color=&#8221;custom&#8221; style=&#8221;dotted&#8221; border_width=&#8221;2&#8243; css_animation=&#8221;right-to-left&#8221; accent_color=&#8221;#5eb3d2&#8243;][\/vc_column][\/vc_row][vc_row][vc_column][vc_column_text]A matematikai \u00e9s term\u00e9szettudom\u00e1nyok m\u0171vel\u0151i\u00a0k\u00f6z\u00fcl Akad\u00e9miai Ifj\u00fas\u00e1gi D\u00edjat kapott L\u00e1szl\u00f3 Elem\u00e9r, az Atommagkutat\u00f3 Int\u00e9zet tudom\u00e1nyos munkat\u00e1rsa<span class=\"excerpt-hellip\"> [\u2026]<\/span><\/p>\n","protected":false},"author":3,"featured_media":8379,"comment_status":"open","ping_status":"open","sticky":false,"template":"","format":"standard","meta":{"inline_featured_image":false,"jetpack_post_was_ever_published":false,"footnotes":""},"categories":[42],"tags":[],"class_list":["post-8384","post","type-post","status-publish","format-standard","has-post-thumbnail","hentry","category-awards"],"jetpack_featured_media_url":"https:\/\/i0.wp.com\/iker.atomki.hu\/wp-content\/uploads\/sites\/2\/2022\/02\/laszlo-elemer-dijatado.jpg?fit=799%2C533&ssl=1","jetpack_shortlink":"https:\/\/wp.me\/paF6JY-2be","_links":{"self":[{"href":"https:\/\/iker.atomki.hu\/en\/wp-json\/wp\/v2\/posts\/8384","targetHints":{"allow":["GET"]}}],"collection":[{"href":"https:\/\/iker.atomki.hu\/en\/wp-json\/wp\/v2\/posts"}],"about":[{"href":"https:\/\/iker.atomki.hu\/en\/wp-json\/wp\/v2\/types\/post"}],"author":[{"embeddable":true,"href":"https:\/\/iker.atomki.hu\/en\/wp-json\/wp\/v2\/users\/3"}],"replies":[{"embeddable":true,"href":"https:\/\/iker.atomki.hu\/en\/wp-json\/wp\/v2\/comments?post=8384"}],"version-history":[{"count":4,"href":"https:\/\/iker.atomki.hu\/en\/wp-json\/wp\/v2\/posts\/8384\/revisions"}],"predecessor-version":[{"id":8786,"href":"https:\/\/iker.atomki.hu\/en\/wp-json\/wp\/v2\/posts\/8384\/revisions\/8786"}],"wp:featuredmedia":[{"embeddable":true,"href":"https:\/\/iker.atomki.hu\/en\/wp-json\/wp\/v2\/media\/8379"}],"wp:attachment":[{"href":"https:\/\/iker.atomki.hu\/en\/wp-json\/wp\/v2\/media?parent=8384"}],"wp:term":[{"taxonomy":"category","embeddable":true,"href":"https:\/\/iker.atomki.hu\/en\/wp-json\/wp\/v2\/categories?post=8384"},{"taxonomy":"post_tag","embeddable":true,"href":"https:\/\/iker.atomki.hu\/en\/wp-json\/wp\/v2\/tags?post=8384"}],"curies":[{"name":"wp","href":"https:\/\/api.w.org\/{rel}","templated":true}]}}